{"id":128389,"date":"2024-02-08T19:17:36","date_gmt":"2024-02-08T19:17:36","guid":{"rendered":"https:\/\/ym-inc.com\/fr\/?p=128389"},"modified":"2024-02-08T19:17:36","modified_gmt":"2024-02-08T19:17:36","slug":"gerante-adjointe-urban-planet-galeries-st-hyacinthe","status":"publish","type":"post","link":"https:\/\/ym-inc.com\/fr\/uncategorized\/gerante-adjointe-urban-planet-galeries-st-hyacinthe\/","title":{"rendered":"G\u00e9rant(e) Adjoint(e) &#8211; Urban Planet &#8211; Galeries St-Hyacinthe"},"content":{"rendered":"<p>Si vous avez une passion pour la mode \u00e9ph\u00e9m\u00e8re, <strong>Urban Planet <\/strong>est la destination de choix pour votre carri\u00e8re. Nous cherchons actuellement un <strong>G\u00e9rant(e) <\/strong><strong>Adjoint(e) \u00e0 plein-temps <\/strong>qui se joindra \u00e0 notre formidable \u00e9quipe \u00e0 la boutique de <strong>Galeries St-Hyacinthe. <\/strong><\/p>\n<p><strong>Vous reconnaissez-vous? :<\/strong><\/p>\n<ul>\n<li>Un minimum d\u2019une ann\u00e9e d\u2019exp\u00e9rience dans un \u00e9quipe de gestion<\/li>\n<li>Un esprit ax\u00e9 sur l\u2019activit\u00e9 commerciale avec une capacit\u00e9 \u00e9prouv\u00e9e d\u2019augmenter les ventes<\/li>\n<li>Une passion pour offrir un service \u00e0 la client\u00e8le de qualit\u00e9<\/li>\n<li>Un joueur d\u2019\u00e9quipe qui peut amener les gens \u00e0 se perfectionner et \u00e0 se d\u00e9velopper<\/li>\n<li>Capacit\u00e9 de soulever 50 lb<\/li>\n<\/ul>\n<p>&nbsp;<\/p>\n<p><strong>Nous offrons\u00a0:<\/strong><\/p>\n<ul>\n<li>Une r\u00e9mun\u00e9ration concurrentielle incluant des primes et avantages sociaux<\/li>\n<li>Une occasion de d\u00e9veloppement, de croissance et de progression de la carri\u00e8re<\/li>\n<li>Un fantastique escompte pour les employ\u00e9s<\/li>\n<\/ul>\n<p>&nbsp;<\/p>\n<p>YM Inc. (sales) est un employeur offrant des chances d\u2019embauche \u00e9gales pour tous et encourage les candidats qualifi\u00e9s \u00e0 postuler. Nous remercions tous les candidats de leur int\u00e9r\u00eat; cependant, seuls les candidats s\u00e9lectionn\u00e9s pour une entrevue seront contact\u00e9s.<\/p>\n<p>&nbsp;<\/p>\n","protected":false},"excerpt":{"rendered":"<p>Si vous avez une passion pour la mode \u00e9ph\u00e9m\u00e8re, Urban Planet est la destination de choix pour votre carri\u00e8re. Nous cherchons actuellement un G\u00e9rant(e) Adjoint(e) \u00e0 plein-temps qui se joindra \u00e0 notre formidable \u00e9quipe \u00e0 la boutique de Galeries St-Hyacinthe. Vous reconnaissez-vous? : Un minimum d\u2019une ann\u00e9e d\u2019exp\u00e9rience dans un \u00e9quipe de gestion Un esprit [&hellip;]<\/p>\n","protected":false},"author":22,"featured_media":0,"comment_status":"open","ping_status":"open","sticky":false,"template":"","format":"standard","meta":{"_acf_changed":false,"footnotes":""},"categories":[1],"tags":[],"class_list":["post-128389","post","type-post","status-publish","format-standard","hentry","category-uncategorized"],"acf":[],"yoast_head":"<!-- This site is optimized with the Yoast SEO plugin v27.5 - https:\/\/yoast.com\/product\/yoast-seo-wordpress\/ -->\n<title>G\u00e9rant(e) Adjoint(e) - Urban Planet - Galeries St-Hyacinthe<\/title>\n<meta name=\"robots\" content=\"index, follow, max-snippet:-1, max-image-preview:large, max-video-preview:-1\" \/>\n<link rel=\"canonical\" href=\"https:\/\/ym-inc.com\/fr\/uncategorized\/gerante-adjointe-urban-planet-galeries-st-hyacinthe\/\" \/>\n<meta property=\"og:locale\" content=\"fr_FR\" \/>\n<meta property=\"og:locale:alternate\" content=\"en_CA\" \/>\n<meta property=\"og:type\" content=\"article\" \/>\n<meta property=\"og:title\" content=\"G\u00e9rant(e) Adjoint(e) - Urban Planet - Galeries St-Hyacinthe\" \/>\n<meta property=\"og:description\" content=\"Si vous avez une passion pour la mode \u00e9ph\u00e9m\u00e8re, Urban Planet est la destination de choix pour votre carri\u00e8re. Nous cherchons actuellement un G\u00e9rant(e) Adjoint(e) \u00e0 plein-temps qui se joindra \u00e0 notre formidable \u00e9quipe \u00e0 la boutique de Galeries St-Hyacinthe. Vous reconnaissez-vous? : Un minimum d\u2019une ann\u00e9e d\u2019exp\u00e9rience dans un \u00e9quipe de gestion Un esprit [&hellip;]\" \/>\n<meta property=\"og:url\" content=\"https:\/\/ym-inc.com\/fr\/uncategorized\/gerante-adjointe-urban-planet-galeries-st-hyacinthe\/\" \/>\n<meta property=\"og:site_name\" content=\"YM Inc.\" \/>\n<meta property=\"article:published_time\" content=\"2024-02-08T19:17:36+00:00\" \/>\n<meta name=\"author\" content=\"Urban_Planet_Talent\" \/>\n<meta name=\"twitter:card\" content=\"summary_large_image\" \/>\n<meta name=\"twitter:label1\" content=\"\u00c9crit par\" \/>\n\t<meta name=\"twitter:data1\" content=\"Urban_Planet_Talent\" \/>\n\t<meta name=\"twitter:label2\" content=\"Dur\u00e9e de lecture estim\u00e9e\" \/>\n\t<meta name=\"twitter:data2\" content=\"1 minute\" \/>\n<script type=\"application\/ld+json\" class=\"yoast-schema-graph\">{\"@context\":\"https:\\\/\\\/schema.org\",\"@graph\":[{\"@type\":\"Article\",\"@id\":\"https:\\\/\\\/ym-inc.com\\\/fr\\\/uncategorized\\\/gerante-adjointe-urban-planet-galeries-st-hyacinthe\\\/#article\",\"isPartOf\":{\"@id\":\"https:\\\/\\\/ym-inc.com\\\/fr\\\/uncategorized\\\/gerante-adjointe-urban-planet-galeries-st-hyacinthe\\\/\"},\"author\":{\"name\":\"Urban_Planet_Talent\",\"@id\":\"https:\\\/\\\/ym-inc.com\\\/#\\\/schema\\\/person\\\/5ede223fd897fd6ce52bf2dffe923b1c\"},\"headline\":\"G\u00e9rant(e) Adjoint(e) &#8211; Urban Planet &#8211; Galeries St-Hyacinthe\",\"datePublished\":\"2024-02-08T19:17:36+00:00\",\"mainEntityOfPage\":{\"@id\":\"https:\\\/\\\/ym-inc.com\\\/fr\\\/uncategorized\\\/gerante-adjointe-urban-planet-galeries-st-hyacinthe\\\/\"},\"wordCount\":202,\"commentCount\":0,\"articleSection\":[\"Uncategorized\"],\"inLanguage\":\"fr-FR\",\"potentialAction\":[{\"@type\":\"CommentAction\",\"name\":\"Comment\",\"target\":[\"https:\\\/\\\/ym-inc.com\\\/fr\\\/uncategorized\\\/gerante-adjointe-urban-planet-galeries-st-hyacinthe\\\/#respond\"]}]},{\"@type\":\"WebPage\",\"@id\":\"https:\\\/\\\/ym-inc.com\\\/fr\\\/uncategorized\\\/gerante-adjointe-urban-planet-galeries-st-hyacinthe\\\/\",\"url\":\"https:\\\/\\\/ym-inc.com\\\/fr\\\/uncategorized\\\/gerante-adjointe-urban-planet-galeries-st-hyacinthe\\\/\",\"name\":\"G\u00e9rant(e) Adjoint(e) - Urban Planet - Galeries St-Hyacinthe\",\"isPartOf\":{\"@id\":\"https:\\\/\\\/ym-inc.com\\\/#website\"},\"datePublished\":\"2024-02-08T19:17:36+00:00\",\"author\":{\"@id\":\"https:\\\/\\\/ym-inc.com\\\/#\\\/schema\\\/person\\\/5ede223fd897fd6ce52bf2dffe923b1c\"},\"breadcrumb\":{\"@id\":\"https:\\\/\\\/ym-inc.com\\\/fr\\\/uncategorized\\\/gerante-adjointe-urban-planet-galeries-st-hyacinthe\\\/#breadcrumb\"},\"inLanguage\":\"fr-FR\",\"potentialAction\":[{\"@type\":\"ReadAction\",\"target\":[\"https:\\\/\\\/ym-inc.com\\\/fr\\\/uncategorized\\\/gerante-adjointe-urban-planet-galeries-st-hyacinthe\\\/\"]}]},{\"@type\":\"BreadcrumbList\",\"@id\":\"https:\\\/\\\/ym-inc.com\\\/fr\\\/uncategorized\\\/gerante-adjointe-urban-planet-galeries-st-hyacinthe\\\/#breadcrumb\",\"itemListElement\":[{\"@type\":\"ListItem\",\"position\":1,\"name\":\"Home\",\"item\":\"https:\\\/\\\/ym-inc.com\\\/fr\\\/\"},{\"@type\":\"ListItem\",\"position\":2,\"name\":\"G\u00e9rant(e) Adjoint(e) &#8211; Urban Planet &#8211; Galeries St-Hyacinthe\"}]},{\"@type\":\"WebSite\",\"@id\":\"https:\\\/\\\/ym-inc.com\\\/#website\",\"url\":\"https:\\\/\\\/ym-inc.com\\\/\",\"name\":\"YM Inc.\",\"description\":\"\",\"potentialAction\":[{\"@type\":\"SearchAction\",\"target\":{\"@type\":\"EntryPoint\",\"urlTemplate\":\"https:\\\/\\\/ym-inc.com\\\/?s={search_term_string}\"},\"query-input\":{\"@type\":\"PropertyValueSpecification\",\"valueRequired\":true,\"valueName\":\"search_term_string\"}}],\"inLanguage\":\"fr-FR\"},{\"@type\":\"Person\",\"@id\":\"https:\\\/\\\/ym-inc.com\\\/#\\\/schema\\\/person\\\/5ede223fd897fd6ce52bf2dffe923b1c\",\"name\":\"Urban_Planet_Talent\",\"image\":{\"@type\":\"ImageObject\",\"inLanguage\":\"fr-FR\",\"@id\":\"https:\\\/\\\/secure.gravatar.com\\\/avatar\\\/f8545e6c471c8d1adc6315bec24a34c5cbe17d81fcb6b893e9d247c440bd3b15?s=96&d=mm&r=g\",\"url\":\"https:\\\/\\\/secure.gravatar.com\\\/avatar\\\/f8545e6c471c8d1adc6315bec24a34c5cbe17d81fcb6b893e9d247c440bd3b15?s=96&d=mm&r=g\",\"contentUrl\":\"https:\\\/\\\/secure.gravatar.com\\\/avatar\\\/f8545e6c471c8d1adc6315bec24a34c5cbe17d81fcb6b893e9d247c440bd3b15?s=96&d=mm&r=g\",\"caption\":\"Urban_Planet_Talent\"},\"url\":\"https:\\\/\\\/ym-inc.com\\\/fr\\\/author\\\/urban_planet_talent\\\/\"}]}<\/script>\n<!-- \/ Yoast SEO plugin. -->","yoast_head_json":{"title":"G\u00e9rant(e) Adjoint(e) - Urban Planet - Galeries St-Hyacinthe","robots":{"index":"index","follow":"follow","max-snippet":"max-snippet:-1","max-image-preview":"max-image-preview:large","max-video-preview":"max-video-preview:-1"},"canonical":"https:\/\/ym-inc.com\/fr\/uncategorized\/gerante-adjointe-urban-planet-galeries-st-hyacinthe\/","og_locale":"fr_FR","og_type":"article","og_title":"[:en]Auto Draft[:fr]G\u00e9rant(e) Adjoint(e) - Urban Planet - Galeries St-Hyacinthe[:] - YM Inc.","og_description":"Si vous avez une passion pour la mode \u00e9ph\u00e9m\u00e8re, Urban Planet est la destination de choix pour votre carri\u00e8re. Nous cherchons actuellement un G\u00e9rant(e) Adjoint(e) \u00e0 plein-temps qui se joindra \u00e0 notre formidable \u00e9quipe \u00e0 la boutique de Galeries St-Hyacinthe. Vous reconnaissez-vous? : Un minimum d\u2019une ann\u00e9e d\u2019exp\u00e9rience dans un \u00e9quipe de gestion Un esprit [&hellip;]","og_url":"https:\/\/ym-inc.com\/fr\/uncategorized\/gerante-adjointe-urban-planet-galeries-st-hyacinthe\/","og_site_name":"YM Inc.","article_published_time":"2024-02-08T19:17:36+00:00","author":"Urban_Planet_Talent","twitter_card":"summary_large_image","twitter_misc":{"\u00c9crit par":"Urban_Planet_Talent","Dur\u00e9e de lecture estim\u00e9e":"1 minute"},"schema":{"@context":"https:\/\/schema.org","@graph":[{"@type":"Article","@id":"https:\/\/ym-inc.com\/fr\/uncategorized\/gerante-adjointe-urban-planet-galeries-st-hyacinthe\/#article","isPartOf":{"@id":"https:\/\/ym-inc.com\/fr\/uncategorized\/gerante-adjointe-urban-planet-galeries-st-hyacinthe\/"},"author":{"name":"Urban_Planet_Talent","@id":"https:\/\/ym-inc.com\/#\/schema\/person\/5ede223fd897fd6ce52bf2dffe923b1c"},"headline":"G\u00e9rant(e) Adjoint(e) &#8211; Urban Planet &#8211; Galeries St-Hyacinthe","datePublished":"2024-02-08T19:17:36+00:00","mainEntityOfPage":{"@id":"https:\/\/ym-inc.com\/fr\/uncategorized\/gerante-adjointe-urban-planet-galeries-st-hyacinthe\/"},"wordCount":202,"commentCount":0,"articleSection":["Uncategorized"],"inLanguage":"fr-FR","potentialAction":[{"@type":"CommentAction","name":"Comment","target":["https:\/\/ym-inc.com\/fr\/uncategorized\/gerante-adjointe-urban-planet-galeries-st-hyacinthe\/#respond"]}]},{"@type":"WebPage","@id":"https:\/\/ym-inc.com\/fr\/uncategorized\/gerante-adjointe-urban-planet-galeries-st-hyacinthe\/","url":"https:\/\/ym-inc.com\/fr\/uncategorized\/gerante-adjointe-urban-planet-galeries-st-hyacinthe\/","name":"G\u00e9rant(e) Adjoint(e) - Urban Planet - Galeries St-Hyacinthe","isPartOf":{"@id":"https:\/\/ym-inc.com\/#website"},"datePublished":"2024-02-08T19:17:36+00:00","author":{"@id":"https:\/\/ym-inc.com\/#\/schema\/person\/5ede223fd897fd6ce52bf2dffe923b1c"},"breadcrumb":{"@id":"https:\/\/ym-inc.com\/fr\/uncategorized\/gerante-adjointe-urban-planet-galeries-st-hyacinthe\/#breadcrumb"},"inLanguage":"fr-FR","potentialAction":[{"@type":"ReadAction","target":["https:\/\/ym-inc.com\/fr\/uncategorized\/gerante-adjointe-urban-planet-galeries-st-hyacinthe\/"]}]},{"@type":"BreadcrumbList","@id":"https:\/\/ym-inc.com\/fr\/uncategorized\/gerante-adjointe-urban-planet-galeries-st-hyacinthe\/#breadcrumb","itemListElement":[{"@type":"ListItem","position":1,"name":"Home","item":"https:\/\/ym-inc.com\/fr\/"},{"@type":"ListItem","position":2,"name":"G\u00e9rant(e) Adjoint(e) &#8211; Urban Planet &#8211; Galeries St-Hyacinthe"}]},{"@type":"WebSite","@id":"https:\/\/ym-inc.com\/#website","url":"https:\/\/ym-inc.com\/","name":"YM Inc.","description":"","potentialAction":[{"@type":"SearchAction","target":{"@type":"EntryPoint","urlTemplate":"https:\/\/ym-inc.com\/?s={search_term_string}"},"query-input":{"@type":"PropertyValueSpecification","valueRequired":true,"valueName":"search_term_string"}}],"inLanguage":"fr-FR"},{"@type":"Person","@id":"https:\/\/ym-inc.com\/#\/schema\/person\/5ede223fd897fd6ce52bf2dffe923b1c","name":"Urban_Planet_Talent","image":{"@type":"ImageObject","inLanguage":"fr-FR","@id":"https:\/\/secure.gravatar.com\/avatar\/f8545e6c471c8d1adc6315bec24a34c5cbe17d81fcb6b893e9d247c440bd3b15?s=96&d=mm&r=g","url":"https:\/\/secure.gravatar.com\/avatar\/f8545e6c471c8d1adc6315bec24a34c5cbe17d81fcb6b893e9d247c440bd3b15?s=96&d=mm&r=g","contentUrl":"https:\/\/secure.gravatar.com\/avatar\/f8545e6c471c8d1adc6315bec24a34c5cbe17d81fcb6b893e9d247c440bd3b15?s=96&d=mm&r=g","caption":"Urban_Planet_Talent"},"url":"https:\/\/ym-inc.com\/fr\/author\/urban_planet_talent\/"}]}},"_links":{"self":[{"href":"https:\/\/ym-inc.com\/fr\/wp-json\/wp\/v2\/posts\/128389","targetHints":{"allow":["GET"]}}],"collection":[{"href":"https:\/\/ym-inc.com\/fr\/wp-json\/wp\/v2\/posts"}],"about":[{"href":"https:\/\/ym-inc.com\/fr\/wp-json\/wp\/v2\/types\/post"}],"author":[{"embeddable":true,"href":"https:\/\/ym-inc.com\/fr\/wp-json\/wp\/v2\/users\/22"}],"replies":[{"embeddable":true,"href":"https:\/\/ym-inc.com\/fr\/wp-json\/wp\/v2\/comments?post=128389"}],"version-history":[{"count":0,"href":"https:\/\/ym-inc.com\/fr\/wp-json\/wp\/v2\/posts\/128389\/revisions"}],"wp:attachment":[{"href":"https:\/\/ym-inc.com\/fr\/wp-json\/wp\/v2\/media?parent=128389"}],"wp:term":[{"taxonomy":"category","embeddable":true,"href":"https:\/\/ym-inc.com\/fr\/wp-json\/wp\/v2\/categories?post=128389"},{"taxonomy":"post_tag","embeddable":true,"href":"https:\/\/ym-inc.com\/fr\/wp-json\/wp\/v2\/tags?post=128389"}],"curies":[{"name":"wp","href":"https:\/\/api.w.org\/{rel}","templated":true}]}}